{"id":1568,"date":"2022-07-18T14:52:16","date_gmt":"2022-07-18T14:52:16","guid":{"rendered":"https:\/\/moikk.hu\/?p=1568"},"modified":"2022-07-23T10:10:10","modified_gmt":"2022-07-23T10:10:10","slug":"latogatas-a-harkanyi-temetoben","status":"publish","type":"post","link":"https:\/\/moikk.hu\/index.php\/2022\/07\/18\/latogatas-a-harkanyi-temetoben\/","title":{"rendered":"L\u00e1togat\u00e1s a Hark\u00e1nyi Temet\u0151ben"},"content":{"rendered":"\n<p><em><strong>2022. m\u00e1jus 28-\u00e1n<\/strong><\/em> l\u00e1togat\u00e1st tett\u00fcnk <em><strong>Hark\u00e1nyban, Dr. Guj\u00e1s M\u00e1rta koll\u00e9gan\u0151nk s\u00edrj\u00e1n\u00e1l.<\/strong><\/em> Ler\u00f3ttuk kegyelet\u00fcnket \u00e9s a MOIKK nev\u00e9ben elhelyezt\u00fck vir\u00e1gainkat. Feh\u00e9r r\u00f3zs\u00e1kat; M\u00e1rta kedvenc vir\u00e1g\u00e1t.<br>Hat f\u0151s kis deleg\u00e1ci\u00f3nk tagjai \u2013 <em>Dr. P\u00f3r Ilona, Dr. Valkai Ter\u00e9z, Dr. Schmidt P\u00e1l, Dr. Schmidt P\u00e1ln\u00e9, Dr. Misz \u00cdrisz \u00e9s Dr. Szit\u00e1s J\u00f3zsef<\/em> \u2013 r\u00f6vid megeml\u00e9kez\u00e9seket tartottak a s\u00edrn\u00e1l, felid\u00e9zve szeretett koll\u00e9gan\u0151nk alakj\u00e1t \u00e9s m\u0171v\u00e9szet\u00e9t. <em>Dr. Guj\u00e1s M\u00e1rta 12 \u00e9vig volt a MOKK aleln\u00f6ke \u00e9s \u00e9vtizedeken \u00e1t T\u00e1rsas\u00e1gunk oszlopos tagja<\/em>. Tehets\u00e9ggel meg\u00e1ldott orvos k\u00f6lt\u0151 volt, aki a fest\u00e9szet ter\u00fclet\u00e9n is kipr\u00f3b\u00e1lta olykor mag\u00e1t. Alkot\u00e1sai meg\u0151rzend\u0151 \u00e9rt\u00e9ket k\u00e9peznek a Magyar Orvos \u00cdr\u00f3k \u00e9s K\u00e9pz\u0151m\u0171v\u00e9szek K\u00f6re sz\u00e1m\u00e1ra.<br>A megeml\u00e9kez\u00e9sen r\u00e9szt vett Dr. Guj\u00e1s M\u00e1rta meg\u00f6zvegy\u00fclt f\u00e9rje, <em>Tasi S\u00e1ndor<\/em> \u00e9s h\u00faga, <em>Dr. Guj\u00e1s Erika.<\/em><br><em>Az al\u00e1bbiakban r\u00f6vid megeml\u00e9kez\u00e9sek olvashat\u00f3ak<em><em> \u00e9s<\/em><\/em> <em>n\u00e9h\u00e1ny f\u00e9nyk\u00e9p<\/em> <em>l\u00e1that\u00f3,<\/em><\/em><\/p>\n\n\n\n<p><em><strong>MEGEML\u00c9KEZ\u00c9SEK:<\/strong><\/em><\/p>\n\n\n\n<p><em><strong>Dr. P\u00f3r Ilona:<\/strong><\/em><\/p>\n\n\n\n<p>Kedves M\u00e1rta!<\/p>\n\n\n\n<p>Ha r\u00e1d gondolok, nekem a rendezetts\u00e9g, a fegyelmezetts\u00e9g \u00e9s az ig\u00e9nyess\u00e9g jut eszembe. A k\u00f6rnyezetedre, a megjelen\u00e9sedre, \u00e9s mindenre, amit csin\u00e1lt\u00e1l ez volt jellemz\u0151. A megjelen\u00e9sed a frizur\u00e1dt\u00f3l a cip\u0151d sark\u00e1ig st\u00edlusos \u00e9s harmonikus volt. Nagy volt a munkab\u00edr\u00e1sod. A hivat\u00e1sod \u00e9s a csal\u00e1dod mellett jutott id\u0151d \u00faj k\u00e9peket festeni, gy\u00f6ny\u00f6r\u0171, tartalmas verseket \u00edrni. Ezen k\u00edv\u00fcl m\u00e9g a MOIKK aleln\u00f6ke is volt\u00e1l 10 \u00e9ven kereszt\u00fcl. P\u00e1rommal, aki a m\u00e1sik aleln\u00f6k volt, sokszor besz\u00e9ltetek telefonon a k\u00f6r \u00fcgyeiben, de soha egy hangos sz\u00f3 nem hallatszott k\u00f6z\u00f6ttetek, \u00e9s ez f\u0151leg a te meg\u00e9rt\u00e9seden, t\u00fcrelmeden m\u00falt.<\/p>\n\n\n\n<p>M\u00e9lyen megrend\u00edt, hogy elvesztett\u00fcnk, szeretettel eml\u00e9kez\u00fcnk r\u00e1d, \u00e9s nagyon hi\u00e1nyzol!<\/p>\n\n\n\n<p>Hark\u00e1ny, 2022. m\u00e1jus 28.<\/p>\n\n\n\n<p><em>P\u00f3r Ilona: <\/em><em><strong>Id\u0151z\u00edtett bomb\u00e1k\u2026<\/strong><\/em><\/p>\n\n\n\n<p>Id\u0151z\u00edtett bomb\u00e1k ketyegnek benn\u00fcnk,<br>a m\u00e9g t\u0171rhet\u0151 k\u00fcltakar\u00f3 alatt,<br>s hogy mikor, mi\u00e9rt \u00e9s melyik robban<br>a sorsunk \u00e9s a J\u00f3isten tudhatja csak.<\/p>\n\n\n\n<p>Ez\u00e9rt \u00f6r\u00fclj\u00e9l minden pillanatnak,<br>amit az \u00e9let ten\u00e9ked m\u00e9g megadhat.<br>Ne t\u00f6ltsd id\u0151det felesleges zs\u00e1kutakkal,<br>csak azzal t\u00f6r\u0151dj, ami m\u00e9g megvigasztal.<\/p>\n\n\n\n<p>\u00d6r\u00fclj a ragyog\u00f3, \u00e9ltet\u0151 napsug\u00e1rnak,<br>a tiszta forr\u00e1s viz\u00e9nek, a kismad\u00e1r dal\u00e1nak,<br>\u00f6r\u00fclj a bar\u00e1ti \u00f6lel\u00e9snek, szeretetnek, b\u00edztat\u00f3 szavaknak,<br>mert ezekb\u0151l m\u00e1r semmi nem marad, a s\u00e1rga agyag alatt!<\/p>\n\n\n\n<p>(Budapest, 2022. 02. 28.)<\/p>\n\n\n\n<p><em><strong>Dr. Schmidt P\u00e1l: m\u00e1j. 28. Hark\u00e1ny<\/strong><\/em><\/p>\n\n\n\n<p>Kedves M\u00e1rta!<\/p>\n\n\n\n<p>Egy gy\u00f6ny\u00f6r\u0171 versed\u00a0soraival j\u00f6ttem ide a s\u00edrodhoz. Az Orvos \u00c9neke c\u00edm\u0171 k\u00f6ltem\u00e9nyed egyik versszak\u00e1ban \u00edgy sz\u00f3lt\u00e1l az \u00darhoz:<br>\u201eK\u00e9rlek, ha a riadalom, az \u00fcv\u00f6lt\u00e9s, a szenved\u00e9s<br>Az \u00e9gig \u00e9r, lehessek ott, mint hadvez\u00e9r,<br>Ki gy\u0151ztesen vezeti el a hadat az \u00fctk\u00f6zetb\u0151l,<br>S meghajlik mint sz\u00edn\u00e9sz, ha<br>A f\u00fcgg\u00f6ny utolj\u00e1ra megy f\u00f6l.\u201d<br>Nos, ott volt\u00e1l, k\u00fczd\u00f6tt\u00e9l, csak a meghajl\u00e1sra m\u00e1r nem ker\u00fclhetett sor. De a harc k\u00f6zben megmutattad a vil\u00e1gnak, mi az orvosi hivat\u00e1s. K\u00f6sz\u00f6net \u00e9s tisztelet \u00e9rte.<\/p>\n\n\n\n<p><em><strong>Dr. Misz \u00cdrisz<\/strong><\/em><\/p>\n\n\n\n<p>Tavaly j\u00fanius 12-\u00e9n tal\u00e1lkoztunk utolj\u00e1ra, Budapesten, a Duna-parton, egy harcsapaprik\u00e1sra \u00e9s k\u00f6zgy\u0171l\u00e9sre<br>Akkor m\u00e9g melegen s\u00fct\u00f6tt a Nap, k\u00e9k volt az \u00e9g \u00e9s \u00f6r\u00fclt\u00fcnk az egy\u00fcttl\u00e9tnek. Akkor m\u00e9g <em>Dr. Guj\u00e1s M\u00e1rt\u00e1\u00e9k<\/em> \u2013 f\u00e9rj\u00e9vel, <em>Tasi S\u00e1ndorral<\/em>; ahogyan \u0150 emlegette mindig: \u201e<em>az \u00e9n S\u00e1ndorom\u201d-mal<\/em> az \u0151szi sz\u00fcretre k\u00e9sz\u00fcl\u0151dtek a hark\u00e1nyi sz\u0151l\u0151hegyen! J\u00f3 term\u00e9s \u00edg\u00e9rkezik! \u2013 \u00fajs\u00e1golta j\u00f3kedv\u0171en.<br>M\u00e9g sz\u00e9p volt az \u00e9let \u00e9s j\u00f3k voltak a kil\u00e1t\u00e1sok.<br>M\u00e1rta hetyke, de eleg\u00e1ns szalmakalapot viselt, hozta a leg\u00fajabb divattrendet \u00e9s felszabadultan nevetett.<br>Soha \u00e9letemben nem tal\u00e1lkoztam olyan emberrel, aki jobban szeretett volna \u00e9lni, jobban \u00e9lvezte volna az \u00e9let minden perc\u00e9t, \u00e9s jobban t\u00f6rekedett volna arra, hogy semmit ne mulasszon el a f\u00f6ldi mennyorsz\u00e1gb\u00f3l! Mindent meg akart ismerni, l\u00e1tni, tudni, \u00e9rezni; mindent \u00e1t\u00e9lni \u00e9s r\u00e9szt venni a nagy j\u00e1t\u00e9kban. Arr\u00f3l sz\u00f3 sem lehetett, hogy valami j\u00f3b\u00f3l kimaradjon! A Vil\u00e1got \u00f6lelte mag\u00e1hoz!<br>Az \u00e9let sz\u00e9ps\u00e9geinek minden v\u00e1gya ott csillogott a szem\u00e9ben. Der\u0171b\u0151l, vid\u00e1ms\u00e1gb\u00f3l, sz\u00e9ps\u00e9gb\u0151l, k\u00f6lt\u00e9szetb\u0151l, a sokszor sz\u00fcletett l\u00e9lek m\u00e9lys\u00e9ges intelligenci\u00e1j\u00e1b\u00f3l rakta \u00f6ssze \u0150t a Teremt\u0151; a n\u0151i sz\u00e9ps\u00e9g alaki jegyeiben.<br>\u00dagy lend\u00fclt \u00e1t a neh\u00e9zs\u00e9geken, bajokon is, ak\u00e1r egy r\u00f6ppen\u0151 pillang\u00f3 \u00e9s soha nem \u00e9rte a l\u00e1ba a s\u00e1ros f\u00f6ldet. <em>Csak csill\u00e1mporon j\u00e1rt. Az \u00e1lom \u00e9s a val\u00f3s\u00e1g hat\u00e1r\u00e1n.<\/em> A mese \u00e9s a realit\u00e1sok hat\u00e1r\u00e1n. Tele volt \u00e9rz\u00e9sekkel \u00e9s v\u00e1gyakkal.<br><em>\u00c9leteleme volt a k\u00f6lt\u00e9szet \u00e9s a l\u00edra. M\u0171v\u00e9szl\u00e9lek volt. Alkot\u00f3 ember! Tehets\u00e9ggel meg\u00e1ldva.<\/em><br>Igaz, az ut\u00f3bbi k\u00e9t \u00e9vben \u2013 valamely okb\u00f3l -, a szomor\u00fas\u00e1g \u00e9s a szorong\u00e1s felh\u0151i is meg-megjelentek olykor az arc\u00e1n \u00e9s a verseiben. F\u0151leg a verseiben! Aggasztott \u00e9s bosszantott is, hogy ez az \u00f6r\u00f6kmozg\u00f3, \u00f6r\u00f6kk\u00e9 nevet\u0151 sz\u00e9passzony, az elm\u00fal\u00e1sr\u00f3l besz\u00e9lt \u00e9s \u00edrt.<br>Sz\u00e1munkra, akik ismert\u00fck \u00e9s szerett\u00fck; elk\u00e9pzelhetetlen volt, hogy Dr. <em>Guj\u00e1s M\u00e1rta<\/em> <em>MOKK aleln\u00f6k<\/em>; valaha is meg\u00f6regedhet, pl\u00e1ne, hogy elhagyhat minket. B\u00e1rki m\u00e1st\u00f3l jobban elfogadtuk az \u201e\u00e1tutaz\u00e1st\u201d. T\u0151le nem. M\u00e9g nem.<br>\u00c9s m\u00e9gis itt hagyott. V\u00e1ratlanul \u00e9s hirtelen, mind\u00f6ssze \u00f6t nap alatt; a COVID Delta v\u00edrus\u00e1val \u00e9s a hull\u00f3 levelekkel, elment az \u0151szbe. <em>2021. okt\u00f3ber 25-\u00e9n<\/em>. Otthon\u00e1ban, a szeretett hark\u00e1nyi sz\u0151l\u0151hegyen<em><strong>,<\/strong><\/em> ahol \u2013 sokszor elmondta az ut\u00f3bbi k\u00e9t \u00e9vben, hogy \u2013 nincs v\u00edrus, csak b\u00e9ke, vir\u00e1gok \u00e9s madarak.<br>Maradt m\u00f6g\u00f6tte k\u00ednz\u00f3 hi\u00e1ny, \u00fcress\u00e9g \u00e9s szomor\u00fas\u00e1g.<br>Gy\u00e1szunkat tet\u00e9zi \u2013 k\u00fcl\u00f6n\u00f6s \u00e9s nyomaszt\u00f3! -, hogy 2021-ben a COVID tavaszi \u00e9s \u0151szi hull\u00e1ma T\u00e1rsas\u00e1gunk mindk\u00e9t aleln\u00f6k\u00e9t (<em>Dr. Guj\u00e1s M\u00e1rta, Dr. S\u00e1rhegyi J\u00f3zsef<\/em>) elvitte. Temett\u00fcnk tavasszal \u00e9s temett\u00fcnk \u0151sszel.<br>Elengedj\u00fck, de nem feledj\u00fck \u0150ket!<br>\u00c9let\u00fcnk maradand\u00f3 r\u00e9szei imm\u00e1r.<br>Nyugodjatok b\u00e9k\u00e9ben!<\/p>\n\n\n\n<p><em><strong>Dr. Valkai Ter\u00e9z<\/strong><\/em><\/p>\n\n\n\n<p>Kedves M\u00e1rti!<br>Nagyon kedves koll\u00e9g\u00e1m volt\u00e1l! A neved fogalom volt. Ahol Te megjelent\u00e9l, \u00e9let\u00f6r\u00f6m \u00e9s j\u00f3kedv sug\u00e1rzott. Sok kedves kongresszusi \u00e9lm\u00e9ny \u00e9s utaz\u00e1s k\u00f6t \u00f6ssze minket. A Cannes-i EULAR, Pr\u00e1ga, ahol ketten j\u00e1rtuk be az \u00f3v\u00e1rost. A horv\u00e1torsz\u00e1gi yacht t\u00fara, ahov\u00e1 Te h\u00edvt\u00e1l meg. Az Orvos \u00edr\u00f3k Bar\u00e1ti k\u00f6re, amelyet Te t\u00f6bb mint 40 \u00e9ven \u00e1t mindig felv\u00e1llalt\u00e1l. T\u0151led hallottam r\u00f3la el\u0151sz\u00f6r, \u00e9s \u00e1lmodozva gondoltam r\u00e1, hogy de j\u00f3 lenne egyszer eljutni oda. Sajnos, eg\u00e9szen a nyugd\u00edjaz\u00e1somig erre nem ker\u00fclhetett sor, szoros elfoglalts\u00e1gaim miatt. De 2008 \u00f3ta, amikor beaj\u00e1nlott\u00e1l minket dr. Telkes Margittal egy\u00fctt, egy \u00e9vet se hagytam ki. Sok-sok \u00e9lm\u00e9nnyel lettem gazdagabb. Az antol\u00f3gi\u00e1kat, az \u00edr\u00e1sokat, amik fennmaradnak az ut\u00f3kornak, Neked k\u00f6sz\u00f6nhetem.<br>Kedves M\u00e1rti! Nagyon sajn\u00e1lom, hogy tavaly szeptemberben az utols\u00f3 kongresszust kihagytad, ahol m\u00e9g tal\u00e1lkozhattunk volna. Eml\u00e9keimben \u00f6r\u00f6kre \u00e9lni fogsz!<\/p>\n\n\n\n<figure class=\"wp-block-image size-large is-style-default\"><img loading=\"lazy\" decoding=\"async\" width=\"1024\" height=\"768\" src=\"https:\/\/moikk.hu\/wp-content\/uploads\/2022\/07\/Hark1-1024x768.jpg\" alt=\"\" class=\"wp-image-1569\" srcset=\"https:\/\/moikk.hu\/wp-content\/uploads\/2022\/07\/Hark1-1024x768.jpg 1024w, https:\/\/moikk.hu\/wp-content\/uploads\/2022\/07\/Hark1-300x225.jpg 300w, https:\/\/moikk.hu\/wp-content\/uploads\/2022\/07\/Hark1-768x576.jpg 768w, https:\/\/moikk.hu\/wp-content\/uploads\/2022\/07\/Hark1-1536x1152.jpg 1536w, https:\/\/moikk.hu\/wp-content\/uploads\/2022\/07\/Hark1-2048x1536.jpg 2048w, https:\/\/moikk.hu\/wp-content\/uploads\/2022\/07\/Hark1-850x638.jpg 850w\" sizes=\"auto, (max-width: 1024px) 100vw, 1024px\" \/><\/figure>\n\n\n\n<figure class=\"wp-block-image size-large is-style-default\"><img loading=\"lazy\" decoding=\"async\" width=\"1024\" height=\"768\" src=\"https:\/\/moikk.hu\/wp-content\/uploads\/2022\/07\/Hark2-1024x768.jpg\" alt=\"\" class=\"wp-image-1570\" srcset=\"https:\/\/moikk.hu\/wp-content\/uploads\/2022\/07\/Hark2-1024x768.jpg 1024w, https:\/\/moikk.hu\/wp-content\/uploads\/2022\/07\/Hark2-300x225.jpg 300w, https:\/\/moikk.hu\/wp-content\/uploads\/2022\/07\/Hark2-768x576.jpg 768w, https:\/\/moikk.hu\/wp-content\/uploads\/2022\/07\/Hark2-1536x1152.jpg 1536w, https:\/\/moikk.hu\/wp-content\/uploads\/2022\/07\/Hark2-2048x1536.jpg 2048w, https:\/\/moikk.hu\/wp-content\/uploads\/2022\/07\/Hark2-850x638.jpg 850w\" sizes=\"auto, (max-width: 1024px) 100vw, 1024px\" \/><\/figure>\n\n\n\n<figure class=\"wp-block-image size-large is-style-default\"><img loading=\"lazy\" decoding=\"async\" width=\"768\" height=\"1024\" src=\"https:\/\/moikk.hu\/wp-content\/uploads\/2022\/07\/Hark3-768x1024.jpg\" alt=\"\" class=\"wp-image-1571\" srcset=\"https:\/\/moikk.hu\/wp-content\/uploads\/2022\/07\/Hark3-768x1024.jpg 768w, https:\/\/moikk.hu\/wp-content\/uploads\/2022\/07\/Hark3-225x300.jpg 225w, https:\/\/moikk.hu\/wp-content\/uploads\/2022\/07\/Hark3-1152x1536.jpg 1152w, https:\/\/moikk.hu\/wp-content\/uploads\/2022\/07\/Hark3-1536x2048.jpg 1536w, https:\/\/moikk.hu\/wp-content\/uploads\/2022\/07\/Hark3-300x400.jpg 300w, https:\/\/moikk.hu\/wp-content\/uploads\/2022\/07\/Hark3-850x1133.jpg 850w, https:\/\/moikk.hu\/wp-content\/uploads\/2022\/07\/Hark3-scaled.jpg 1920w\" sizes=\"auto, (max-width: 768px) 100vw, 768px\" \/><\/figure>\n","protected":false},"excerpt":{"rendered":"<p>2022. m\u00e1jus 28-\u00e1n l\u00e1togat\u00e1st tett\u00fcnk Hark\u00e1nyban, Dr. Guj\u00e1s M\u00e1rta koll\u00e9gan\u0151nk s\u00edrj\u00e1n\u00e1l. Ler\u00f3ttuk kegyelet\u00fcnket \u00e9s a MOIKK nev\u00e9ben elhelyezt\u00fck vir\u00e1gainkat. Feh\u00e9r r\u00f3zs\u00e1kat; M\u00e1rta kedvenc vir\u00e1g\u00e1t.Hat f\u0151s kis deleg\u00e1ci\u00f3nk tagjai \u2013 Dr. P\u00f3r Ilona,&#8230;<\/p>\n","protected":false},"author":1,"featured_media":0,"comment_status":"open","ping_status":"open","sticky":false,"template":"","format":"standard","meta":{"footnotes":""},"categories":[1],"tags":[],"class_list":["post-1568","post","type-post","status-publish","format-standard","hentry","category-egyeb-2"],"_links":{"self":[{"href":"https:\/\/moikk.hu\/index.php\/wp-json\/wp\/v2\/posts\/1568","targetHints":{"allow":["GET"]}}],"collection":[{"href":"https:\/\/moikk.hu\/index.php\/wp-json\/wp\/v2\/posts"}],"about":[{"href":"https:\/\/moikk.hu\/index.php\/wp-json\/wp\/v2\/types\/post"}],"author":[{"embeddable":true,"href":"https:\/\/moikk.hu\/index.php\/wp-json\/wp\/v2\/users\/1"}],"replies":[{"embeddable":true,"href":"https:\/\/moikk.hu\/index.php\/wp-json\/wp\/v2\/comments?post=1568"}],"version-history":[{"count":3,"href":"https:\/\/moikk.hu\/index.php\/wp-json\/wp\/v2\/posts\/1568\/revisions"}],"predecessor-version":[{"id":1574,"href":"https:\/\/moikk.hu\/index.php\/wp-json\/wp\/v2\/posts\/1568\/revisions\/1574"}],"wp:attachment":[{"href":"https:\/\/moikk.hu\/index.php\/wp-json\/wp\/v2\/media?parent=1568"}],"wp:term":[{"taxonomy":"category","embeddable":true,"href":"https:\/\/moikk.hu\/index.php\/wp-json\/wp\/v2\/categories?post=1568"},{"taxonomy":"post_tag","embeddable":true,"href":"https:\/\/moikk.hu\/index.php\/wp-json\/wp\/v2\/tags?post=1568"}],"curies":[{"name":"wp","href":"https:\/\/api.w.org\/{rel}","templated":true}]}}